{"id":2521,"date":"2025-06-26T13:50:26","date_gmt":"2025-06-26T11:50:26","guid":{"rendered":"http:\/\/krystynaaleksander.pl\/?p=2521"},"modified":"2025-06-26T13:50:26","modified_gmt":"2025-06-26T11:50:26","slug":"wiosna-lato-jesien","status":"publish","type":"post","link":"http:\/\/krystynaaleksander.pl\/?p=2521","title":{"rendered":"Wiosna, lato, jesie\u0144"},"content":{"rendered":"\n\n\n\n\n<p><em>Z rozwianym w\u0142osem sz\u0142a wiosna w Pieniny<\/em><br \/><em>Wnet w \u017c\u00f3\u0142te berety kacze\u0144ce ubra\u0142a<\/em><br \/><em>W nik\u0142ych \u017ad\u017ab\u0142ach trawy ujrza\u0142a \u015bnie\u017cyny<\/em><br \/><em>Wi\u0119c w s\u0142o\u0144ca promieniach serduszka im grza\u0142a.<\/em><\/p>\n<p><em>Tu\u017c pod Czertezem na stromych zboczach<\/em><br \/><em>Srebrnoszarym puchem bazie si\u0119 pokry\u0142y<\/em><br \/><em>Tak patrz\u0105c my\u015blimy, czy mo\u017ce prze\u017arocza<\/em><br \/><em>Z bajek Andersena dzi\u015b nam si\u0119 przy\u015bni\u0142y?<\/em><\/p>\n<p><em>Rozumiem, \u017ce pewnie nie wszyscy wiecie<\/em><br \/><em>Jak budzi si\u0119 \u017cycie na wiosn\u0119 w Pieninach<\/em><br \/><em>B\u00f3g da\u0142 nam tu klejnot najcenniejszy na \u015bwiecie<\/em><br \/><em>Gdzie si\u0119 naszej Polski granica zaczyna.<\/em><\/p>\n<p><em>Wita lato miodna toje\u015b\u0107 z rojem pszczelim<\/em><br \/><em>Wci\u0105\u017c pnie si\u0119 uparcie rozchodnik po ska\u0142ach<\/em><br \/><em>O \u015bwicie drozd Kindze dzi\u0119kuje swym trelem<\/em><br \/><em>Za ten cud natury, kt\u00f3ry nam odda\u0142a.<\/em><\/p>\n<p><em>Nie spos\u00f3b nie wspomnie\u0107 o z\u0142otej jesieni<\/em><br \/><em>Kt\u00f3ra ju\u017c w sierpniu sztalugi rozk\u0142ada<\/em><br \/><em>I barwne pastele, ich ciep\u0142e odcienie<\/em><br \/><em>Z czu\u0142o\u015bci\u0105 matki na li\u015bcie nak\u0142ada.<\/em><\/p>\n","protected":false},"excerpt":{"rendered":"<p>Z rozwianym w\u0142osem sz\u0142a wiosna w PieninyWnet w \u017c\u00f3\u0142te berety kacze\u0144ce ubra\u0142aW nik\u0142ych \u017ad\u017ab\u0142ach trawy ujrza\u0142a \u015bnie\u017cynyWi\u0119c w s\u0142o\u0144ca promieniach serduszka im grza\u0142a. Tu\u017c pod Czertezem na stromych zboczachSrebrnoszarym puchem bazie si\u0119 pokry\u0142yTak patrz\u0105c my\u015blimy, czy mo\u017ce prze\u017aroczaZ bajek Andersena dzi\u015b nam si\u0119 przy\u015bni\u0142y? Rozumiem, \u017ce pewnie nie wszyscy wiecieJak budzi si\u0119 \u017cycie na wiosn\u0119 &hellip; <\/p>\n<p class=\"link-more\"><a href=\"http:\/\/krystynaaleksander.pl\/?p=2521\" class=\"more-link\">Czytaj dalej<span class=\"screen-reader-text\"> \u201eWiosna, lato, jesie\u0144\u201d<\/span><\/a><\/p>\n","protected":false},"author":2,"featured_media":0,"comment_status":"closed","ping_status":"open","sticky":false,"template":"","format":"standard","meta":{"footnotes":""},"categories":[15,10],"tags":[],"class_list":["post-2521","post","type-post","status-publish","format-standard","hentry","category-kroscienko","category-poezja2"],"_links":{"self":[{"href":"http:\/\/krystynaaleksander.pl\/index.php?rest_route=\/wp\/v2\/posts\/2521","targetHints":{"allow":["GET"]}}],"collection":[{"href":"http:\/\/krystynaaleksander.pl\/index.php?rest_route=\/wp\/v2\/posts"}],"about":[{"href":"http:\/\/krystynaaleksander.pl\/index.php?rest_route=\/wp\/v2\/types\/post"}],"author":[{"embeddable":true,"href":"http:\/\/krystynaaleksander.pl\/index.php?rest_route=\/wp\/v2\/users\/2"}],"replies":[{"embeddable":true,"href":"http:\/\/krystynaaleksander.pl\/index.php?rest_route=%2Fwp%2Fv2%2Fcomments&post=2521"}],"version-history":[{"count":1,"href":"http:\/\/krystynaaleksander.pl\/index.php?rest_route=\/wp\/v2\/posts\/2521\/revisions"}],"predecessor-version":[{"id":2522,"href":"http:\/\/krystynaaleksander.pl\/index.php?rest_route=\/wp\/v2\/posts\/2521\/revisions\/2522"}],"wp:attachment":[{"href":"http:\/\/krystynaaleksander.pl\/index.php?rest_route=%2Fwp%2Fv2%2Fmedia&parent=2521"}],"wp:term":[{"taxonomy":"category","embeddable":true,"href":"http:\/\/krystynaaleksander.pl\/index.php?rest_route=%2Fwp%2Fv2%2Fcategories&post=2521"},{"taxonomy":"post_tag","embeddable":true,"href":"http:\/\/krystynaaleksander.pl\/index.php?rest_route=%2Fwp%2Fv2%2Ftags&post=2521"}],"curies":[{"name":"wp","href":"https:\/\/api.w.org\/{rel}","templated":true}]}}